{"id":3994,"date":"2020-09-24T10:30:00","date_gmt":"2020-09-24T08:30:00","guid":{"rendered":"http:\/\/afk-lembach.at\/oberkappel\/?p=3994"},"modified":"2020-09-24T10:29:11","modified_gmt":"2020-09-24T08:29:11","slug":"monatsuebung-september-05-09","status":"publish","type":"post","link":"https:\/\/afk-lembach.at\/oberkappel\/2020\/09\/24\/monatsuebung-september-05-09\/","title":{"rendered":"Monats\u00fcbung September (05.09.)"},"content":{"rendered":"\n<p style=\"text-align: justify\">Technischer Einsatz &#8211;\u00a0Folgendes Lagebild empfing uns auf der Bogners\u00e4ge in Kappl: \u201cPerson unter Baumst\u00e4mmen eingeklemmt\u201c. Als erstes wurden weitere abzurutschende Baumst\u00e4mme mittels Greifzug in ihrer Ausgangslage fixiert. Nach diesen Sicherungsma\u00dfnahmen wurde die Puppe mittels Hebekissen aus der Zwangslage befreit. Besonderes Augenmerk wurde auf sicheres Unterp\u00f6lzen mit dem vorhandenen Unterlegematerial geachtet. Zum Abschluss wurde von den \u00dcbungsverantwortlichen Patrick Wie\u00dfmayer und Roman Jungwirth noch die Bedienung der Seilwinde am Tankl\u00f6schfahrzeug er\u00f6rtert. \u00a0<\/p>\n<p><strong>ngg_shortcode_0_placeholder<\/strong><\/p>\n","protected":false},"excerpt":{"rendered":"<p>Technischer Einsatz &#8211;\u00a0Folgendes Lagebild empfing uns auf der Bogners\u00e4ge in Kappl: \u201cPerson unter Baumst\u00e4mmen eingeklemmt\u201c. Als erstes wurden weitere abzurutschende Baumst\u00e4mme mittels Greifzug in ihrer Ausgangslage fixiert. Nach diesen Sicherungsma\u00dfnahmen wurde die Puppe mittels Hebekissen aus der Zwangslage befreit. Besonderes Augenmerk wurde auf sicheres Unterp\u00f6lzen mit dem vorhandenen Unterlegematerial geachtet. Zum Abschluss wurde von den [&hellip;]<\/p>\n","protected":false},"author":11,"featured_media":0,"comment_status":"closed","ping_status":"closed","sticky":false,"template":"","format":"standard","meta":{"ngg_post_thumbnail":0,"footnotes":""},"categories":[5],"tags":[],"class_list":["post-3994","post","type-post","status-publish","format-standard","hentry","category-ubung"],"_links":{"self":[{"href":"https:\/\/afk-lembach.at\/oberkappel\/wp-json\/wp\/v2\/posts\/3994"}],"collection":[{"href":"https:\/\/afk-lembach.at\/oberkappel\/wp-json\/wp\/v2\/posts"}],"about":[{"href":"https:\/\/afk-lembach.at\/oberkappel\/wp-json\/wp\/v2\/types\/post"}],"author":[{"embeddable":true,"href":"https:\/\/afk-lembach.at\/oberkappel\/wp-json\/wp\/v2\/users\/11"}],"replies":[{"embeddable":true,"href":"https:\/\/afk-lembach.at\/oberkappel\/wp-json\/wp\/v2\/comments?post=3994"}],"version-history":[{"count":2,"href":"https:\/\/afk-lembach.at\/oberkappel\/wp-json\/wp\/v2\/posts\/3994\/revisions"}],"predecessor-version":[{"id":3996,"href":"https:\/\/afk-lembach.at\/oberkappel\/wp-json\/wp\/v2\/posts\/3994\/revisions\/3996"}],"wp:attachment":[{"href":"https:\/\/afk-lembach.at\/oberkappel\/wp-json\/wp\/v2\/media?parent=3994"}],"wp:term":[{"taxonomy":"category","embeddable":true,"href":"https:\/\/afk-lembach.at\/oberkappel\/wp-json\/wp\/v2\/categories?post=3994"},{"taxonomy":"post_tag","embeddable":true,"href":"https:\/\/afk-lembach.at\/oberkappel\/wp-json\/wp\/v2\/tags?post=3994"}],"curies":[{"name":"wp","href":"https:\/\/api.w.org\/{rel}","templated":true}]}}