{"id":3997,"date":"2020-09-24T10:32:00","date_gmt":"2020-09-24T08:32:00","guid":{"rendered":"http:\/\/afk-lembach.at\/oberkappel\/?p=3997"},"modified":"2020-09-24T10:29:59","modified_gmt":"2020-09-24T08:29:59","slug":"strahlenschutzuebung-19-09","status":"publish","type":"post","link":"https:\/\/afk-lembach.at\/oberkappel\/2020\/09\/24\/strahlenschutzuebung-19-09\/","title":{"rendered":"Strahlenschutz\u00fcbung (19.09.)"},"content":{"rendered":"\n<p style=\"text-align: justify\">Die j\u00e4hrliche, bezirksweite Strahlenschutz\u00fcbung wurde am 19. September von der FF Auberg organisiert. An der Gro\u00df\u00fcbung nahm auch der St\u00fctzpunkt Oberkappel mit f\u00fcnf Kameraden teil. \u00dcbungsannahme war ein Verkehrsunfall, eines Transporters mit radioaktiver Ladung. In der Einsatz\u00fcbung stand f\u00fcr den Strahlenschutz vor allem der Ablauf der Alarmierung und der Zusammenarbeit mit der Einsatzleitung bzw. Abarbeitung der sonst theoretischen strahlenschutztechnischen Punkte auf dem Programm. Daraus konnten wertvolle Erkenntnisse f\u00fcr die Zukunft gewonnen werden. Besten Dank an alle \u00dcbungsteilnehmer f\u00fcr Ihre aktive Mitarbeit.<\/p>\n<p><strong>ngg_shortcode_0_placeholder<\/strong><\/p>\n<p>Ausf\u00fchrlicher Bericht und mehr Bilder unter <a href=\"https:\/\/ro.ooelfv.at\/aktuelles\/beitrag\/strahlenschutzuebung-des-bezirkes-rohrbach\/\" target=\"_blank\" rel=\"noopener noreferrer\">Homepage BFK<\/a><\/p>\n","protected":false},"excerpt":{"rendered":"<p>Die j\u00e4hrliche, bezirksweite Strahlenschutz\u00fcbung wurde am 19. September von der FF Auberg organisiert. An der Gro\u00df\u00fcbung nahm auch der St\u00fctzpunkt Oberkappel mit f\u00fcnf Kameraden teil. \u00dcbungsannahme war ein Verkehrsunfall, eines Transporters mit radioaktiver Ladung. In der Einsatz\u00fcbung stand f\u00fcr den Strahlenschutz vor allem der Ablauf der Alarmierung und der Zusammenarbeit mit der Einsatzleitung bzw. Abarbeitung [&hellip;]<\/p>\n","protected":false},"author":11,"featured_media":0,"comment_status":"closed","ping_status":"closed","sticky":false,"template":"","format":"standard","meta":{"ngg_post_thumbnail":0,"footnotes":""},"categories":[5],"tags":[],"class_list":["post-3997","post","type-post","status-publish","format-standard","hentry","category-ubung"],"_links":{"self":[{"href":"https:\/\/afk-lembach.at\/oberkappel\/wp-json\/wp\/v2\/posts\/3997"}],"collection":[{"href":"https:\/\/afk-lembach.at\/oberkappel\/wp-json\/wp\/v2\/posts"}],"about":[{"href":"https:\/\/afk-lembach.at\/oberkappel\/wp-json\/wp\/v2\/types\/post"}],"author":[{"embeddable":true,"href":"https:\/\/afk-lembach.at\/oberkappel\/wp-json\/wp\/v2\/users\/11"}],"replies":[{"embeddable":true,"href":"https:\/\/afk-lembach.at\/oberkappel\/wp-json\/wp\/v2\/comments?post=3997"}],"version-history":[{"count":2,"href":"https:\/\/afk-lembach.at\/oberkappel\/wp-json\/wp\/v2\/posts\/3997\/revisions"}],"predecessor-version":[{"id":3999,"href":"https:\/\/afk-lembach.at\/oberkappel\/wp-json\/wp\/v2\/posts\/3997\/revisions\/3999"}],"wp:attachment":[{"href":"https:\/\/afk-lembach.at\/oberkappel\/wp-json\/wp\/v2\/media?parent=3997"}],"wp:term":[{"taxonomy":"category","embeddable":true,"href":"https:\/\/afk-lembach.at\/oberkappel\/wp-json\/wp\/v2\/categories?post=3997"},{"taxonomy":"post_tag","embeddable":true,"href":"https:\/\/afk-lembach.at\/oberkappel\/wp-json\/wp\/v2\/tags?post=3997"}],"curies":[{"name":"wp","href":"https:\/\/api.w.org\/{rel}","templated":true}]}}