{"id":4105,"date":"2021-07-19T12:35:17","date_gmt":"2021-07-19T10:35:17","guid":{"rendered":"http:\/\/afk-lembach.at\/oberkappel\/?p=4105"},"modified":"2021-07-19T12:35:17","modified_gmt":"2021-07-19T10:35:17","slug":"in-gedenken-an-obm-anton-hazod","status":"publish","type":"post","link":"https:\/\/afk-lembach.at\/oberkappel\/2021\/07\/19\/in-gedenken-an-obm-anton-hazod\/","title":{"rendered":"In Gedenken an OBM Anton Hazod"},"content":{"rendered":"<p style=\"text-align: justify\">Die FF Oberkappel trauert um ihren Kameraden OBM Anton Hazod, 4144 Grubberg 7, im 84. Lebensjahr am 16.07.2021 verstorben. \u00dcber 67 Jahre Mitglied bzw. Unterst\u00fctzer der FF Oberkappel.<\/p>\n<p style=\"text-align: justify\">Am 30.01.1954 ist Toni der Feuerwehr Oberkappel beigetreten und wurde 1979 mit der Dienstmedaille f\u00fcr 25 j\u00e4hrige Mitgliedschaft, 1994 mit der Dienstmedaille f\u00fcr 40 j\u00e4hrige Mitgliedschaft , 2004 mit der Dienstmedaille f\u00fcr 50 j\u00e4hrige Mitgliedschaft sowie 2014 mit der Ehrenurkunde f\u00fcr 60 j\u00e4hrige Mitgliedschaft ausgezeichnet.<\/p>\n<p>In jungen Jahren erreichte Toni 1959 in Rohrbach das Feuerwehrleistungs-abzeichen in Bronze.<\/p>\n<p>F\u00fcr die Hochwassereins\u00e4tze in der Kramesau 1962 (Stollenbruch) sowie im August 2002 wurde Anton jeweils mit der mit der O\u00d6 Erinnerungsmedaille f\u00fcr Katastrophen ausgezeichnet.<\/p>\n<p>F\u00fcr seine Verdienste im Feuerwehrwehrwesen im Bezirk Rohrbach wurde er 1987 mit der Feuerwehrverdienstmedaille in Bronze ausgezeichnet.<\/p>\n<p>Das Begr\u00e4bnis findet am Dienstag den 20.07.2021 um 14 Uhr in Oberkappel statt. Aufstellung um 13:40 Uhr beim Feuerwehrhaus.<\/p>\n<p>Totenwache in der Pfarrkirche Oberkappel: Montag &#8211; 19.07.2021 um 19:00 Uhr<\/p>\n<p>Die Kameraden der Freiwilligen Feuerwehr Oberkappel werden OBM Anton Hazod stets ein ehrendes Andenken erhalten.<\/p>\n","protected":false},"excerpt":{"rendered":"<p>Die FF Oberkappel trauert um ihren Kameraden OBM Anton Hazod, 4144 Grubberg 7, im 84. Lebensjahr am 16.07.2021 verstorben. \u00dcber 67 Jahre Mitglied bzw. Unterst\u00fctzer der FF Oberkappel. Am 30.01.1954 ist Toni der Feuerwehr Oberkappel beigetreten und wurde 1979 mit der Dienstmedaille f\u00fcr 25 j\u00e4hrige Mitgliedschaft, 1994 mit der Dienstmedaille f\u00fcr 40 j\u00e4hrige Mitgliedschaft , [&hellip;]<\/p>\n","protected":false},"author":11,"featured_media":0,"comment_status":"closed","ping_status":"closed","sticky":false,"template":"","format":"standard","meta":{"ngg_post_thumbnail":0,"footnotes":""},"categories":[1],"tags":[],"class_list":["post-4105","post","type-post","status-publish","format-standard","hentry","category-allgemein"],"_links":{"self":[{"href":"https:\/\/afk-lembach.at\/oberkappel\/wp-json\/wp\/v2\/posts\/4105"}],"collection":[{"href":"https:\/\/afk-lembach.at\/oberkappel\/wp-json\/wp\/v2\/posts"}],"about":[{"href":"https:\/\/afk-lembach.at\/oberkappel\/wp-json\/wp\/v2\/types\/post"}],"author":[{"embeddable":true,"href":"https:\/\/afk-lembach.at\/oberkappel\/wp-json\/wp\/v2\/users\/11"}],"replies":[{"embeddable":true,"href":"https:\/\/afk-lembach.at\/oberkappel\/wp-json\/wp\/v2\/comments?post=4105"}],"version-history":[{"count":1,"href":"https:\/\/afk-lembach.at\/oberkappel\/wp-json\/wp\/v2\/posts\/4105\/revisions"}],"predecessor-version":[{"id":4106,"href":"https:\/\/afk-lembach.at\/oberkappel\/wp-json\/wp\/v2\/posts\/4105\/revisions\/4106"}],"wp:attachment":[{"href":"https:\/\/afk-lembach.at\/oberkappel\/wp-json\/wp\/v2\/media?parent=4105"}],"wp:term":[{"taxonomy":"category","embeddable":true,"href":"https:\/\/afk-lembach.at\/oberkappel\/wp-json\/wp\/v2\/categories?post=4105"},{"taxonomy":"post_tag","embeddable":true,"href":"https:\/\/afk-lembach.at\/oberkappel\/wp-json\/wp\/v2\/tags?post=4105"}],"curies":[{"name":"wp","href":"https:\/\/api.w.org\/{rel}","templated":true}]}}