{"id":4241,"date":"2023-10-02T21:06:03","date_gmt":"2023-10-02T19:06:03","guid":{"rendered":"https:\/\/afk-lembach.at\/oberkappel\/?p=4241"},"modified":"2023-10-02T21:42:28","modified_gmt":"2023-10-02T19:42:28","slug":"alsp-atemschutzleistungspruefung","status":"publish","type":"post","link":"https:\/\/afk-lembach.at\/oberkappel\/2023\/10\/02\/alsp-atemschutzleistungspruefung\/","title":{"rendered":"ALSP Atemschutzleistungspr\u00fcfung"},"content":{"rendered":"\n\n\n<p>Am 30. September 2023 nahmen 6 Kameraden der FF Oberkappel an der ALSP teil. Dabei wurde unter anderem die ordnungsgem\u00e4\u00dfe Handhabung des Ger\u00e4tes gepr\u00fcft, bevor es in den &#8222;Innenangriff&#8220; ging. Beim absolvieren der rund 20 min\u00fctigen Atemschutzstrecke mussten diverse Stationen wie z.B.: Gefahrenguterkennung, Brandherd aufsp\u00fcren, \u00fcberwinden von Hindernissen, Abnehmen des Ger\u00e4tes, etc. bew\u00e4ltigt werden. Nach der k\u00f6rperlichen Anstrengung mussten die Einsatzbereitschaft der Atemschutzger\u00e4te wieder hergestellt werden. Anschlie\u00dfend wird der theoretische Teil abgepr\u00fcft.\u00a0<\/p>\n<p>Unsere Kameraden: Jungwirth Manuel, Schuster Daniel, Plankenauer Fabian, Amerstorfer Lukas, Riepl Hannes und Zin\u00f6cker Markus konnten alle Stationen mit bravour abschlie\u00dfen und das ALSP-Abzeichen in Bronze mit nach Hause nehmen.<\/p>\n<p>Wir gratulieren dazu sehr herzlich. Danke f\u00fcr die aufgewendete Zeit, um auch in Zukunft bestens f\u00fcr den Ernstfall ger\u00fcstet zu sein<\/p>\n<p><img loading=\"lazy\" decoding=\"async\" class=\"aligncenter size-large wp-image-4245\" src=\"https:\/\/afk-lembach.at\/oberkappel\/files\/2023\/10\/20230930_180901-1-1024x768.jpg\" alt=\"\" width=\"560\" height=\"420\" srcset=\"https:\/\/afk-lembach.at\/oberkappel\/files\/2023\/10\/20230930_180901-1-1024x768.jpg 1024w, https:\/\/afk-lembach.at\/oberkappel\/files\/2023\/10\/20230930_180901-1-300x225.jpg 300w, https:\/\/afk-lembach.at\/oberkappel\/files\/2023\/10\/20230930_180901-1-768x576.jpg 768w, https:\/\/afk-lembach.at\/oberkappel\/files\/2023\/10\/20230930_180901-1-1536x1152.jpg 1536w, https:\/\/afk-lembach.at\/oberkappel\/files\/2023\/10\/20230930_180901-1-2048x1536.jpg 2048w\" sizes=\"(max-width: 560px) 100vw, 560px\" \/> <a href=\"https:\/\/afk-lembach.at\/oberkappel\/files\/2023\/10\/20230930_180913-1-scaled.jpg\"><img loading=\"lazy\" decoding=\"async\" class=\"aligncenter size-medium wp-image-4246\" src=\"https:\/\/afk-lembach.at\/oberkappel\/files\/2023\/10\/20230930_180913-1-300x225.jpg\" alt=\"\" width=\"300\" height=\"225\" srcset=\"https:\/\/afk-lembach.at\/oberkappel\/files\/2023\/10\/20230930_180913-1-300x225.jpg 300w, https:\/\/afk-lembach.at\/oberkappel\/files\/2023\/10\/20230930_180913-1-1024x768.jpg 1024w, https:\/\/afk-lembach.at\/oberkappel\/files\/2023\/10\/20230930_180913-1-768x576.jpg 768w, https:\/\/afk-lembach.at\/oberkappel\/files\/2023\/10\/20230930_180913-1-1536x1152.jpg 1536w, https:\/\/afk-lembach.at\/oberkappel\/files\/2023\/10\/20230930_180913-1-2048x1536.jpg 2048w\" sizes=\"(max-width: 300px) 100vw, 300px\" \/><\/a><\/p>\n","protected":false},"excerpt":{"rendered":"<p>Am 30. September 2023 nahmen 6 Kameraden der FF Oberkappel an der ALSP teil. Dabei wurde unter anderem die ordnungsgem\u00e4\u00dfe Handhabung des Ger\u00e4tes gepr\u00fcft, bevor es in den &#8222;Innenangriff&#8220; ging. Beim absolvieren der rund 20 min\u00fctigen Atemschutzstrecke mussten diverse Stationen wie z.B.: Gefahrenguterkennung, Brandherd aufsp\u00fcren, \u00fcberwinden von Hindernissen, Abnehmen des Ger\u00e4tes, etc. bew\u00e4ltigt werden. Nach [&hellip;]<\/p>\n","protected":false},"author":11,"featured_media":0,"comment_status":"closed","ping_status":"closed","sticky":false,"template":"","format":"standard","meta":{"ngg_post_thumbnail":0,"footnotes":""},"categories":[1],"tags":[12,11],"class_list":["post-4241","post","type-post","status-publish","format-standard","hentry","category-allgemein","tag-feuerwehr","tag-oberkappel"],"_links":{"self":[{"href":"https:\/\/afk-lembach.at\/oberkappel\/wp-json\/wp\/v2\/posts\/4241"}],"collection":[{"href":"https:\/\/afk-lembach.at\/oberkappel\/wp-json\/wp\/v2\/posts"}],"about":[{"href":"https:\/\/afk-lembach.at\/oberkappel\/wp-json\/wp\/v2\/types\/post"}],"author":[{"embeddable":true,"href":"https:\/\/afk-lembach.at\/oberkappel\/wp-json\/wp\/v2\/users\/11"}],"replies":[{"embeddable":true,"href":"https:\/\/afk-lembach.at\/oberkappel\/wp-json\/wp\/v2\/comments?post=4241"}],"version-history":[{"count":3,"href":"https:\/\/afk-lembach.at\/oberkappel\/wp-json\/wp\/v2\/posts\/4241\/revisions"}],"predecessor-version":[{"id":4255,"href":"https:\/\/afk-lembach.at\/oberkappel\/wp-json\/wp\/v2\/posts\/4241\/revisions\/4255"}],"wp:attachment":[{"href":"https:\/\/afk-lembach.at\/oberkappel\/wp-json\/wp\/v2\/media?parent=4241"}],"wp:term":[{"taxonomy":"category","embeddable":true,"href":"https:\/\/afk-lembach.at\/oberkappel\/wp-json\/wp\/v2\/categories?post=4241"},{"taxonomy":"post_tag","embeddable":true,"href":"https:\/\/afk-lembach.at\/oberkappel\/wp-json\/wp\/v2\/tags?post=4241"}],"curies":[{"name":"wp","href":"https:\/\/api.w.org\/{rel}","templated":true}]}}