{"id":4265,"date":"2023-10-27T14:28:44","date_gmt":"2023-10-27T12:28:44","guid":{"rendered":"https:\/\/afk-lembach.at\/oberkappel\/?p=4265"},"modified":"2023-10-27T14:28:44","modified_gmt":"2023-10-27T12:28:44","slug":"atemschutz-abschnittsuebung","status":"publish","type":"post","link":"https:\/\/afk-lembach.at\/oberkappel\/2023\/10\/27\/atemschutz-abschnittsuebung\/","title":{"rendered":"Atemschutz-Abschnitts\u00fcbung"},"content":{"rendered":"\n<p>Am 25. Oktober 2023 waren wir bei der Abschnittsatemschutz\u00fcbung in Eitzendorf zu Gast. Unser Atemschutztrupp bekam als erste Aufgabe den Brand im Obergeschoss zu l\u00f6schen. Nach dem der Brandherd lokalisiert wurde, konnte Brand-AUS gegeben werden. Als n\u00e4chstes musste die eingeklemmte Person gerettet werden. Unser Atemschutztrupp konnte die Aufgaben ohne Schwierigkeiten bew\u00e4ltigen. Danke an die Kameraden f\u00fcr die aufgebrachte Zeit.<\/p>\n\n\n\n<figure class=\"wp-block-gallery has-nested-images columns-default is-cropped wp-block-gallery-1 is-layout-flex wp-block-gallery-is-layout-flex\">\n<figure class=\"wp-block-image size-large\"><a href=\"https:\/\/afk-lembach.at\/oberkappel\/files\/2023\/10\/IMG_20231025_193709-scaled.jpg\"><img loading=\"lazy\" decoding=\"async\" width=\"768\" height=\"1024\" data-id=\"4272\" src=\"https:\/\/afk-lembach.at\/oberkappel\/files\/2023\/10\/IMG_20231025_193709-768x1024.jpg\" alt=\"\" class=\"wp-image-4272\" srcset=\"https:\/\/afk-lembach.at\/oberkappel\/files\/2023\/10\/IMG_20231025_193709-768x1024.jpg 768w, https:\/\/afk-lembach.at\/oberkappel\/files\/2023\/10\/IMG_20231025_193709-225x300.jpg 225w, https:\/\/afk-lembach.at\/oberkappel\/files\/2023\/10\/IMG_20231025_193709-1152x1536.jpg 1152w, https:\/\/afk-lembach.at\/oberkappel\/files\/2023\/10\/IMG_20231025_193709-1536x2048.jpg 1536w, https:\/\/afk-lembach.at\/oberkappel\/files\/2023\/10\/IMG_20231025_193709-scaled.jpg 1920w\" sizes=\"(max-width: 768px) 100vw, 768px\" \/><\/a><\/figure>\n\n\n\n<figure class=\"wp-block-image size-large\"><a href=\"https:\/\/afk-lembach.at\/oberkappel\/files\/2023\/10\/IMG_20231025_185905-1-scaled.jpg\"><img loading=\"lazy\" decoding=\"async\" width=\"1024\" height=\"768\" data-id=\"4271\" src=\"https:\/\/afk-lembach.at\/oberkappel\/files\/2023\/10\/IMG_20231025_185905-1-1024x768.jpg\" alt=\"\" class=\"wp-image-4271\" srcset=\"https:\/\/afk-lembach.at\/oberkappel\/files\/2023\/10\/IMG_20231025_185905-1-1024x768.jpg 1024w, https:\/\/afk-lembach.at\/oberkappel\/files\/2023\/10\/IMG_20231025_185905-1-300x225.jpg 300w, https:\/\/afk-lembach.at\/oberkappel\/files\/2023\/10\/IMG_20231025_185905-1-768x576.jpg 768w, https:\/\/afk-lembach.at\/oberkappel\/files\/2023\/10\/IMG_20231025_185905-1-1536x1152.jpg 1536w, https:\/\/afk-lembach.at\/oberkappel\/files\/2023\/10\/IMG_20231025_185905-1-2048x1536.jpg 2048w\" sizes=\"(max-width: 1024px) 100vw, 1024px\" \/><\/a><\/figure>\n\n\n\n<figure class=\"wp-block-image size-large\"><a href=\"https:\/\/afk-lembach.at\/oberkappel\/files\/2023\/10\/IMG_20231025_190304-1-scaled.jpg\"><img loading=\"lazy\" decoding=\"async\" width=\"768\" height=\"1024\" data-id=\"4268\" src=\"https:\/\/afk-lembach.at\/oberkappel\/files\/2023\/10\/IMG_20231025_190304-1-768x1024.jpg\" alt=\"\" class=\"wp-image-4268\" srcset=\"https:\/\/afk-lembach.at\/oberkappel\/files\/2023\/10\/IMG_20231025_190304-1-768x1024.jpg 768w, https:\/\/afk-lembach.at\/oberkappel\/files\/2023\/10\/IMG_20231025_190304-1-225x300.jpg 225w, https:\/\/afk-lembach.at\/oberkappel\/files\/2023\/10\/IMG_20231025_190304-1-1152x1536.jpg 1152w, https:\/\/afk-lembach.at\/oberkappel\/files\/2023\/10\/IMG_20231025_190304-1-1536x2048.jpg 1536w, https:\/\/afk-lembach.at\/oberkappel\/files\/2023\/10\/IMG_20231025_190304-1-scaled.jpg 1920w\" sizes=\"(max-width: 768px) 100vw, 768px\" \/><\/a><\/figure>\n\n\n\n<figure class=\"wp-block-image size-large\"><a href=\"https:\/\/afk-lembach.at\/oberkappel\/files\/2023\/10\/IMG_20231025_191528-scaled.jpg\"><img loading=\"lazy\" decoding=\"async\" width=\"768\" height=\"1024\" data-id=\"4269\" src=\"https:\/\/afk-lembach.at\/oberkappel\/files\/2023\/10\/IMG_20231025_191528-768x1024.jpg\" alt=\"\" class=\"wp-image-4269\" srcset=\"https:\/\/afk-lembach.at\/oberkappel\/files\/2023\/10\/IMG_20231025_191528-768x1024.jpg 768w, https:\/\/afk-lembach.at\/oberkappel\/files\/2023\/10\/IMG_20231025_191528-225x300.jpg 225w, https:\/\/afk-lembach.at\/oberkappel\/files\/2023\/10\/IMG_20231025_191528-1152x1536.jpg 1152w, https:\/\/afk-lembach.at\/oberkappel\/files\/2023\/10\/IMG_20231025_191528-1536x2048.jpg 1536w, https:\/\/afk-lembach.at\/oberkappel\/files\/2023\/10\/IMG_20231025_191528-scaled.jpg 1920w\" sizes=\"(max-width: 768px) 100vw, 768px\" \/><\/a><\/figure>\n<\/figure>\n","protected":false},"excerpt":{"rendered":"<p>Am 25. Oktober 2023 waren wir bei der Abschnittsatemschutz\u00fcbung in Eitzendorf zu Gast. Unser Atemschutztrupp bekam als erste Aufgabe den Brand im Obergeschoss zu l\u00f6schen. Nach dem der Brandherd lokalisiert wurde, konnte Brand-AUS gegeben werden. Als n\u00e4chstes musste die eingeklemmte Person gerettet werden. Unser Atemschutztrupp konnte die Aufgaben ohne Schwierigkeiten bew\u00e4ltigen. Danke an die Kameraden [&hellip;]<\/p>\n","protected":false},"author":11,"featured_media":0,"comment_status":"closed","ping_status":"closed","sticky":false,"template":"","format":"standard","meta":{"ngg_post_thumbnail":0,"footnotes":""},"categories":[1],"tags":[],"class_list":["post-4265","post","type-post","status-publish","format-standard","hentry","category-allgemein"],"_links":{"self":[{"href":"https:\/\/afk-lembach.at\/oberkappel\/wp-json\/wp\/v2\/posts\/4265"}],"collection":[{"href":"https:\/\/afk-lembach.at\/oberkappel\/wp-json\/wp\/v2\/posts"}],"about":[{"href":"https:\/\/afk-lembach.at\/oberkappel\/wp-json\/wp\/v2\/types\/post"}],"author":[{"embeddable":true,"href":"https:\/\/afk-lembach.at\/oberkappel\/wp-json\/wp\/v2\/users\/11"}],"replies":[{"embeddable":true,"href":"https:\/\/afk-lembach.at\/oberkappel\/wp-json\/wp\/v2\/comments?post=4265"}],"version-history":[{"count":1,"href":"https:\/\/afk-lembach.at\/oberkappel\/wp-json\/wp\/v2\/posts\/4265\/revisions"}],"predecessor-version":[{"id":4274,"href":"https:\/\/afk-lembach.at\/oberkappel\/wp-json\/wp\/v2\/posts\/4265\/revisions\/4274"}],"wp:attachment":[{"href":"https:\/\/afk-lembach.at\/oberkappel\/wp-json\/wp\/v2\/media?parent=4265"}],"wp:term":[{"taxonomy":"category","embeddable":true,"href":"https:\/\/afk-lembach.at\/oberkappel\/wp-json\/wp\/v2\/categories?post=4265"},{"taxonomy":"post_tag","embeddable":true,"href":"https:\/\/afk-lembach.at\/oberkappel\/wp-json\/wp\/v2\/tags?post=4265"}],"curies":[{"name":"wp","href":"https:\/\/api.w.org\/{rel}","templated":true}]}}