{"id":4277,"date":"2023-10-29T07:17:55","date_gmt":"2023-10-29T06:17:55","guid":{"rendered":"https:\/\/afk-lembach.at\/oberkappel\/?p=4277"},"modified":"2023-10-29T07:17:55","modified_gmt":"2023-10-29T06:17:55","slug":"wissenstest-jugend","status":"publish","type":"post","link":"https:\/\/afk-lembach.at\/oberkappel\/2023\/10\/29\/wissenstest-jugend\/","title":{"rendered":"Wissenstest Jugend"},"content":{"rendered":"\n<p>Am 28. Oktober nahmen 11 Jugendfeuerwehrmitglieder am Wissenstest teil. Der Wissenstest ist ein wesentlicher Bestandteil der Jugendausbildung und umfasst eine Vielzahl an Themengebieten. Folgende Stationen m\u00fcssen absolviert werden, um das Abzeichen mit nach Hause nehmen zu d\u00fcrfen:<\/p>\n<ul>\n<li>Allgemeinwissen\/Feuerwehrwissen<\/li>\n<li>Dienstgrade\u00a0 \u00a0<\/li>\n<li>Wasserf\u00fchrende Armaturen \u00a0<\/li>\n<li>Kleinl\u00f6schger\u00e4te<\/li>\n<li>Vorbeugender Brandschutz<\/li>\n<li>Seilknoten<\/li>\n<li>Nachrichten\u00fcbermittlung<\/li>\n<li>Verkehrserziehung<\/li>\n<li>Erste Hilfe<\/li>\n<li>Orientierung im Gel\u00e4nde<\/li>\n<li>Gef\u00e4hrliche Stoffe<\/li>\n<\/ul>\n<p>Damit die Pr\u00fcfungen ohne Probleme bew\u00e4ltigt werden konnten, wurden bereits im Vorfeld einige Stunden investiert und somit gratulieren wir unserer Jugendgruppe zur folgender Leistung:<\/p>\n<p>Bronze:<\/p>\n<ul>\n<li>Michael Anreiter<\/li>\n<li>Maria Stadler<\/li>\n<li>Simon Zin\u00f6cker<\/li>\n<li>Stefan Helml<\/li>\n<li>Michael Helml<\/li>\n<li>Moritz Schlager.<\/li>\n<\/ul>\n<p>Silber:<\/p>\n<ul>\n<li>Christina Stadler<\/li>\n<li>Jakob Katzlinger<\/li>\n<li>Kerstin Perr<\/li>\n<li>Shanaz Arabzadeh<\/li>\n<li>Niklas Anreiter<\/li>\n<\/ul>\n<p>F\u00fcr die hervorragende Leistung gab es als St\u00e4rkung noch eine Pizza. Danke auch an unsere beiden Jugendbetreuer, die viel Zeit in die Ausbildung unserer Jugendgruppe steckt.\u00a0<\/p>\n<p>\u00a0<\/p>\n\n\n\n<figure class=\"wp-block-gallery has-nested-images columns-default is-cropped wp-block-gallery-1 is-layout-flex wp-block-gallery-is-layout-flex\">\n<figure class=\"wp-block-image size-large\"><a href=\"https:\/\/afk-lembach.at\/oberkappel\/files\/2023\/10\/1000002548-scaled.jpg\"><img loading=\"lazy\" decoding=\"async\" width=\"767\" height=\"1024\" data-id=\"4278\" src=\"https:\/\/afk-lembach.at\/oberkappel\/files\/2023\/10\/1000002548-767x1024.jpg\" alt=\"\" class=\"wp-image-4278\" srcset=\"https:\/\/afk-lembach.at\/oberkappel\/files\/2023\/10\/1000002548-767x1024.jpg 767w, https:\/\/afk-lembach.at\/oberkappel\/files\/2023\/10\/1000002548-225x300.jpg 225w, https:\/\/afk-lembach.at\/oberkappel\/files\/2023\/10\/1000002548-768x1025.jpg 768w, https:\/\/afk-lembach.at\/oberkappel\/files\/2023\/10\/1000002548-1151x1536.jpg 1151w, https:\/\/afk-lembach.at\/oberkappel\/files\/2023\/10\/1000002548-1534x2048.jpg 1534w, https:\/\/afk-lembach.at\/oberkappel\/files\/2023\/10\/1000002548-scaled.jpg 1918w\" sizes=\"(max-width: 767px) 100vw, 767px\" \/><\/a><\/figure>\n\n\n\n<figure class=\"wp-block-image\"><img decoding=\"async\" src=\"https:\/\/afk-lembach.at\/d58a9537-5430-48f9-8df5-7d2a99ba7d7d\" alt=\"\" \/><\/figure>\n\n\n\n<figure class=\"wp-block-image\"><img decoding=\"async\" src=\"https:\/\/afk-lembach.at\/ab64f660-7d46-4eeb-8cb7-fda98f6cac47\" alt=\"\" \/><\/figure>\n\n\n\n<figure class=\"wp-block-image\"><img decoding=\"async\" src=\"https:\/\/afk-lembach.at\/576639f6-1596-439e-9701-602a5748672b\" alt=\"\" \/><\/figure>\n\n\n\n<figure class=\"wp-block-image\"><img decoding=\"async\" src=\"https:\/\/afk-lembach.at\/ef3069d5-3b28-4868-86cb-a026e5ad0216\" alt=\"\" \/><\/figure>\n\n\n\n<figure class=\"wp-block-image\"><img decoding=\"async\" src=\"https:\/\/afk-lembach.at\/ba4d3f22-dc96-46aa-a758-5f325f53409f\" alt=\"\" \/><\/figure>\n<\/figure>\n","protected":false},"excerpt":{"rendered":"<p>Am 28. Oktober nahmen 11 Jugendfeuerwehrmitglieder am Wissenstest teil. Der Wissenstest ist ein wesentlicher Bestandteil der Jugendausbildung und umfasst eine Vielzahl an Themengebieten. Folgende Stationen m\u00fcssen absolviert werden, um das Abzeichen mit nach Hause nehmen zu d\u00fcrfen: Allgemeinwissen\/Feuerwehrwissen Dienstgrade\u00a0 \u00a0 Wasserf\u00fchrende Armaturen \u00a0 Kleinl\u00f6schger\u00e4te Vorbeugender Brandschutz Seilknoten Nachrichten\u00fcbermittlung Verkehrserziehung Erste Hilfe Orientierung im Gel\u00e4nde Gef\u00e4hrliche [&hellip;]<\/p>\n","protected":false},"author":11,"featured_media":0,"comment_status":"closed","ping_status":"closed","sticky":false,"template":"","format":"standard","meta":{"ngg_post_thumbnail":0,"footnotes":""},"categories":[1],"tags":[],"class_list":["post-4277","post","type-post","status-publish","format-standard","hentry","category-allgemein"],"_links":{"self":[{"href":"https:\/\/afk-lembach.at\/oberkappel\/wp-json\/wp\/v2\/posts\/4277"}],"collection":[{"href":"https:\/\/afk-lembach.at\/oberkappel\/wp-json\/wp\/v2\/posts"}],"about":[{"href":"https:\/\/afk-lembach.at\/oberkappel\/wp-json\/wp\/v2\/types\/post"}],"author":[{"embeddable":true,"href":"https:\/\/afk-lembach.at\/oberkappel\/wp-json\/wp\/v2\/users\/11"}],"replies":[{"embeddable":true,"href":"https:\/\/afk-lembach.at\/oberkappel\/wp-json\/wp\/v2\/comments?post=4277"}],"version-history":[{"count":2,"href":"https:\/\/afk-lembach.at\/oberkappel\/wp-json\/wp\/v2\/posts\/4277\/revisions"}],"predecessor-version":[{"id":4285,"href":"https:\/\/afk-lembach.at\/oberkappel\/wp-json\/wp\/v2\/posts\/4277\/revisions\/4285"}],"wp:attachment":[{"href":"https:\/\/afk-lembach.at\/oberkappel\/wp-json\/wp\/v2\/media?parent=4277"}],"wp:term":[{"taxonomy":"category","embeddable":true,"href":"https:\/\/afk-lembach.at\/oberkappel\/wp-json\/wp\/v2\/categories?post=4277"},{"taxonomy":"post_tag","embeddable":true,"href":"https:\/\/afk-lembach.at\/oberkappel\/wp-json\/wp\/v2\/tags?post=4277"}],"curies":[{"name":"wp","href":"https:\/\/api.w.org\/{rel}","templated":true}]}}