{"id":4769,"date":"2020-02-10T20:00:26","date_gmt":"2020-02-10T19:00:26","guid":{"rendered":"http:\/\/afk-lembach.at\/rannariedl\/?p=4769"},"modified":"2020-02-15T23:41:21","modified_gmt":"2020-02-15T22:41:21","slug":"einsaetze-am-10-2-2020","status":"publish","type":"post","link":"https:\/\/afk-lembach.at\/rannariedl\/2020\/02\/10\/einsaetze-am-10-2-2020\/","title":{"rendered":"Eins\u00e4tze am 10.2.2020"},"content":{"rendered":"\n<p>Am 10.02.2020 wurden wir gegen 10:00 Uhr innerhalb k\u00fcrzester Zeit zu 2 Eins\u00e4tzen alarmiert.<\/p>\n<p>Beim ersten Einsatz mussten wir eine \u00d6lspur auf der Rannariedler Landesstra\u00dfe binden, die von einen auf der Fahrbahn liegenden Stein, den ein PKW erfasst hatte, ausgel\u00f6st wurde.<\/p>\n<p>Der zweite Einsatz betraf ein durch das Sturmtief &#8222;Sabine&#8220; abgedeckten Teil eines Daches. Beide Eins\u00e4tze konnten zeitgleich abgewickelt werden.<\/p>\n<div class=\"text_exposed_show\">\n<p>Weiters wurde nach Absprache mit der Gemeinde die Zufahrt nach Kramesau im Bereich der Donauleitn gesperrt. Die Aufr\u00e4umarbeiten in diesem Bereich wurden am Nachmittag durchgef\u00fchrt.<\/p>\n<\/div>\n<p>Fotos: ngg_shortcode_0_placeholder<\/p>\n","protected":false},"excerpt":{"rendered":"<p>Am 10.02.2020 wurden wir gegen 10:00 Uhr innerhalb k\u00fcrzester Zeit zu 2 Eins\u00e4tzen alarmiert. Beim ersten Einsatz mussten wir eine \u00d6lspur auf der Rannariedler Landesstra\u00dfe binden, die von einen auf der Fahrbahn liegenden Stein, den ein PKW erfasst hatte, ausgel\u00f6st wurde. Der zweite Einsatz betraf ein durch das Sturmtief &#8222;Sabine&#8220; abgedeckten Teil eines Daches. Beide [&hellip;]<\/p>\n","protected":false},"author":6,"featured_media":0,"comment_status":"closed","ping_status":"closed","sticky":false,"template":"","format":"standard","meta":{"ngg_post_thumbnail":0,"footnotes":""},"categories":[1],"tags":[],"class_list":["post-4769","post","type-post","status-publish","format-standard","hentry","category-allgemein"],"_links":{"self":[{"href":"https:\/\/afk-lembach.at\/rannariedl\/wp-json\/wp\/v2\/posts\/4769"}],"collection":[{"href":"https:\/\/afk-lembach.at\/rannariedl\/wp-json\/wp\/v2\/posts"}],"about":[{"href":"https:\/\/afk-lembach.at\/rannariedl\/wp-json\/wp\/v2\/types\/post"}],"author":[{"embeddable":true,"href":"https:\/\/afk-lembach.at\/rannariedl\/wp-json\/wp\/v2\/users\/6"}],"replies":[{"embeddable":true,"href":"https:\/\/afk-lembach.at\/rannariedl\/wp-json\/wp\/v2\/comments?post=4769"}],"version-history":[{"count":3,"href":"https:\/\/afk-lembach.at\/rannariedl\/wp-json\/wp\/v2\/posts\/4769\/revisions"}],"predecessor-version":[{"id":4772,"href":"https:\/\/afk-lembach.at\/rannariedl\/wp-json\/wp\/v2\/posts\/4769\/revisions\/4772"}],"wp:attachment":[{"href":"https:\/\/afk-lembach.at\/rannariedl\/wp-json\/wp\/v2\/media?parent=4769"}],"wp:term":[{"taxonomy":"category","embeddable":true,"href":"https:\/\/afk-lembach.at\/rannariedl\/wp-json\/wp\/v2\/categories?post=4769"},{"taxonomy":"post_tag","embeddable":true,"href":"https:\/\/afk-lembach.at\/rannariedl\/wp-json\/wp\/v2\/tags?post=4769"}],"curies":[{"name":"wp","href":"https:\/\/api.w.org\/{rel}","templated":true}]}}