{"id":4867,"date":"2021-10-26T20:00:00","date_gmt":"2021-10-26T18:00:00","guid":{"rendered":"https:\/\/afk-lembach.at\/rannariedl\/?p=4867"},"modified":"2022-04-06T18:29:30","modified_gmt":"2022-04-06T16:29:30","slug":"herbstuebung-am-26-10-2021","status":"publish","type":"post","link":"https:\/\/afk-lembach.at\/rannariedl\/2021\/10\/26\/herbstuebung-am-26-10-2021\/","title":{"rendered":"Herbst\u00fcbung am 26.10.2021"},"content":{"rendered":"\n<p>Am Nationalfeiertag fand unsere Herbst\u00fcbung beim Meierhof in Rannariedl unter Einhaltung der 3G-Regel statt. \u00dcbungsannahme war ein Brand mit eingeschlossenen Personen. An der \u00dcbung nahmen neben der FF Rannariedl die Feuerwehren Neustift, Oberkappel und Gottsdorf teil. F\u00fcr die Wasserversorgung aus einem nahegelegenen Fischteich musste eine ca. 700 Meter lange Zubringerleitung verlegt werden, was mit der in unserem LFA eingebaute Schlauchhaspel mit 500 Meter Schlauch z\u00fcgig gelang. Auch die beiden eingeschlossenen Personen konnten vom Atemschutztrupp der FF Neustift rasch gerettet werden.<\/p>\n<p>Fotos: ngg_shortcode_0_placeholder<\/p>\n<p>\u00a0<\/p>\n","protected":false},"excerpt":{"rendered":"<p>Am Nationalfeiertag fand unsere Herbst\u00fcbung beim Meierhof in Rannariedl unter Einhaltung der 3G-Regel statt. \u00dcbungsannahme war ein Brand mit eingeschlossenen Personen. An der \u00dcbung nahmen neben der FF Rannariedl die Feuerwehren Neustift, Oberkappel und Gottsdorf teil. F\u00fcr die Wasserversorgung aus einem nahegelegenen Fischteich musste eine ca. 700 Meter lange Zubringerleitung verlegt werden, was mit der [&hellip;]<\/p>\n","protected":false},"author":6,"featured_media":0,"comment_status":"closed","ping_status":"closed","sticky":false,"template":"","format":"standard","meta":{"ngg_post_thumbnail":0,"footnotes":""},"categories":[1],"tags":[],"class_list":["post-4867","post","type-post","status-publish","format-standard","hentry","category-allgemein"],"_links":{"self":[{"href":"https:\/\/afk-lembach.at\/rannariedl\/wp-json\/wp\/v2\/posts\/4867"}],"collection":[{"href":"https:\/\/afk-lembach.at\/rannariedl\/wp-json\/wp\/v2\/posts"}],"about":[{"href":"https:\/\/afk-lembach.at\/rannariedl\/wp-json\/wp\/v2\/types\/post"}],"author":[{"embeddable":true,"href":"https:\/\/afk-lembach.at\/rannariedl\/wp-json\/wp\/v2\/users\/6"}],"replies":[{"embeddable":true,"href":"https:\/\/afk-lembach.at\/rannariedl\/wp-json\/wp\/v2\/comments?post=4867"}],"version-history":[{"count":6,"href":"https:\/\/afk-lembach.at\/rannariedl\/wp-json\/wp\/v2\/posts\/4867\/revisions"}],"predecessor-version":[{"id":5043,"href":"https:\/\/afk-lembach.at\/rannariedl\/wp-json\/wp\/v2\/posts\/4867\/revisions\/5043"}],"wp:attachment":[{"href":"https:\/\/afk-lembach.at\/rannariedl\/wp-json\/wp\/v2\/media?parent=4867"}],"wp:term":[{"taxonomy":"category","embeddable":true,"href":"https:\/\/afk-lembach.at\/rannariedl\/wp-json\/wp\/v2\/categories?post=4867"},{"taxonomy":"post_tag","embeddable":true,"href":"https:\/\/afk-lembach.at\/rannariedl\/wp-json\/wp\/v2\/tags?post=4867"}],"curies":[{"name":"wp","href":"https:\/\/api.w.org\/{rel}","templated":true}]}}